{"id":118252,"date":"2023-04-27T12:34:59","date_gmt":"2023-04-27T10:34:59","guid":{"rendered":"https:\/\/bcu.cat\/symphony\/"},"modified":"2023-07-13T11:06:16","modified_gmt":"2023-07-13T09:06:16","slug":"symphony","status":"publish","type":"post","link":"https:\/\/bcu.cat\/ca\/symphony\/","title":{"rendered":"Symphony"},"content":{"rendered":"<p>CaixaForum ofereix de manera permanent aquesta experi\u00e8ncia immersiva audiovisual \u00fanica, gr\u00e0cies a la tecnologia de realitat virtual. Es tracta d\u2019un viatge de 45 minuts a trav\u00e9s de les emocions i la m\u00fasica, de la m\u00e0 del director d\u2019orquestra Gustavo Dudamel i la Mahler Chamber Orchestra. <a href=\"https:\/\/caixaforum.org\/ca\/barcelona\/symphony\">Entrada<\/a>: 8 \u20ac (50% de descompte per a clients de CaixaBank).<\/p>\n<p>&nbsp;<\/p>\n<p><strong>Cu\u00e1ndo: cada dia<\/strong><\/p>\n<p><strong><span style=\"color: #0000ff;\">CaixaForum<\/span><\/strong><\/p>\n<p><strong>On: Av. de Francesc Ferrer i Gu\u00e0rdia, 6-8. Barcelona<\/strong><\/p>\n","protected":false},"excerpt":{"rendered":"<p>Cada dia. CaixaForum ofereix de manera permanent aquesta experi\u00e8ncia immersiva audiovisual \u00fanica, gr\u00e0cies a la tecnologia de realitat virtual.<\/p>\n","protected":false},"author":7,"featured_media":118254,"comment_status":"closed","ping_status":"closed","sticky":false,"template":"","format":"standard","meta":{"_et_pb_use_builder":"","_et_pb_old_content":"","_et_gb_content_width":"","inline_featured_image":false,"footnotes":""},"categories":[83],"tags":[],"class_list":["post-118252","post","type-post","status-publish","format-standard","has-post-thumbnail","hentry","category-musica"],"publishpress_future_action":{"enabled":false,"date":"2026-05-03 12:53:16","action":"change-status","newStatus":"draft","terms":[],"taxonomy":"category","extraData":[]},"publishpress_future_workflow_manual_trigger":{"enabledWorkflows":[]},"_links":{"self":[{"href":"https:\/\/bcu.cat\/ca\/wp-json\/wp\/v2\/posts\/118252","targetHints":{"allow":["GET"]}}],"collection":[{"href":"https:\/\/bcu.cat\/ca\/wp-json\/wp\/v2\/posts"}],"about":[{"href":"https:\/\/bcu.cat\/ca\/wp-json\/wp\/v2\/types\/post"}],"author":[{"embeddable":true,"href":"https:\/\/bcu.cat\/ca\/wp-json\/wp\/v2\/users\/7"}],"replies":[{"embeddable":true,"href":"https:\/\/bcu.cat\/ca\/wp-json\/wp\/v2\/comments?post=118252"}],"version-history":[{"count":0,"href":"https:\/\/bcu.cat\/ca\/wp-json\/wp\/v2\/posts\/118252\/revisions"}],"wp:featuredmedia":[{"embeddable":true,"href":"https:\/\/bcu.cat\/ca\/wp-json\/wp\/v2\/media\/118254"}],"wp:attachment":[{"href":"https:\/\/bcu.cat\/ca\/wp-json\/wp\/v2\/media?parent=118252"}],"wp:term":[{"taxonomy":"category","embeddable":true,"href":"https:\/\/bcu.cat\/ca\/wp-json\/wp\/v2\/categories?post=118252"},{"taxonomy":"post_tag","embeddable":true,"href":"https:\/\/bcu.cat\/ca\/wp-json\/wp\/v2\/tags?post=118252"}],"curies":[{"name":"wp","href":"https:\/\/api.w.org\/{rel}","templated":true}]}}