{"id":140801,"date":"2026-03-24T14:09:06","date_gmt":"2026-03-24T12:09:06","guid":{"rendered":"https:\/\/bcu.cat\/chez-matisse-el-legado-de-un-nueva-pintura\/"},"modified":"2026-03-24T14:10:48","modified_gmt":"2026-03-24T12:10:48","slug":"chez-matisse-el-legado-de-un-nueva-pintura","status":"publish","type":"post","link":"https:\/\/bcu.cat\/ca\/chez-matisse-el-legado-de-un-nueva-pintura\/","title":{"rendered":"Chez Matisse. El llegat d\u2019una nova pintura"},"content":{"rendered":"<p>L\u2019exposici\u00f3 presenta una \u00e0mplia selecci\u00f3 d\u2019obres d\u2019Henri Matisse procedents majorit\u00e0riament del Centre Pompidou, on les seves peces dialoguen amb les d\u2019altres artistes contemporanis i posteriors als quals va influir. Es divideix en vuit \u00e0mbits que mostren la seva traject\u00f2ria i evoluci\u00f3, des dels <em>fauves<\/em> alemanys i els neoprimitivistes russos fins a la pintura estatunidenca a partir de la d\u00e8cada de 1940. <a href=\"https:\/\/caixaforum.org\/ca\/barcelona\/p\/chez-matisse-barcelona\">Entrada<\/a>: 6 \u20ac (gratu\u00efta per a clients de CaixaBank i menors de 16 anys).<\/p>\n<p>&nbsp;<\/p>\n<p><strong>Quan: del 27\/03\/2026 al 16\/08\/2026<\/strong><\/p>\n<p><span style=\"color: #0000ff;\"><strong>CaixaForum<\/strong><\/span><\/p>\n<p><strong>On: Av. de Francesc Ferrer i Gu\u00e0rdia, 6-8. Barcelona<\/strong><\/p>\n","protected":false},"excerpt":{"rendered":"<p>Del 27\/03\/2026 al 16\/08\/2026. L\u2019exposici\u00f3 presenta una \u00e0mplia selecci\u00f3 d\u2019obres d\u2019Henri Matisse procedents majorit\u00e0riament del Centre Pompidou.<\/p>\n","protected":false},"author":30,"featured_media":140797,"comment_status":"closed","ping_status":"closed","sticky":false,"template":"","format":"standard","meta":{"_et_pb_use_builder":"","_et_pb_old_content":"","_et_gb_content_width":"","inline_featured_image":false,"footnotes":""},"categories":[84],"tags":[],"class_list":["post-140801","post","type-post","status-publish","format-standard","has-post-thumbnail","hentry","category-exposicions"],"publishpress_future_action":{"enabled":true,"date":"2026-08-17 09:00:00","action":"delete","newStatus":"draft","terms":[0],"taxonomy":"category","extraData":[]},"publishpress_future_workflow_manual_trigger":{"enabledWorkflows":[]},"_links":{"self":[{"href":"https:\/\/bcu.cat\/ca\/wp-json\/wp\/v2\/posts\/140801","targetHints":{"allow":["GET"]}}],"collection":[{"href":"https:\/\/bcu.cat\/ca\/wp-json\/wp\/v2\/posts"}],"about":[{"href":"https:\/\/bcu.cat\/ca\/wp-json\/wp\/v2\/types\/post"}],"author":[{"embeddable":true,"href":"https:\/\/bcu.cat\/ca\/wp-json\/wp\/v2\/users\/30"}],"replies":[{"embeddable":true,"href":"https:\/\/bcu.cat\/ca\/wp-json\/wp\/v2\/comments?post=140801"}],"version-history":[{"count":1,"href":"https:\/\/bcu.cat\/ca\/wp-json\/wp\/v2\/posts\/140801\/revisions"}],"predecessor-version":[{"id":140803,"href":"https:\/\/bcu.cat\/ca\/wp-json\/wp\/v2\/posts\/140801\/revisions\/140803"}],"wp:featuredmedia":[{"embeddable":true,"href":"https:\/\/bcu.cat\/ca\/wp-json\/wp\/v2\/media\/140797"}],"wp:attachment":[{"href":"https:\/\/bcu.cat\/ca\/wp-json\/wp\/v2\/media?parent=140801"}],"wp:term":[{"taxonomy":"category","embeddable":true,"href":"https:\/\/bcu.cat\/ca\/wp-json\/wp\/v2\/categories?post=140801"},{"taxonomy":"post_tag","embeddable":true,"href":"https:\/\/bcu.cat\/ca\/wp-json\/wp\/v2\/tags?post=140801"}],"curies":[{"name":"wp","href":"https:\/\/api.w.org\/{rel}","templated":true}]}}