{"id":140813,"date":"2026-03-24T14:33:58","date_gmt":"2026-03-24T12:33:58","guid":{"rendered":"https:\/\/bcu.cat\/extraterrestres-hay-vida-fuera-de-la-tierra\/"},"modified":"2026-03-24T14:35:50","modified_gmt":"2026-03-24T12:35:50","slug":"extraterrestres-hay-vida-fuera-de-la-tierra","status":"publish","type":"post","link":"https:\/\/bcu.cat\/ca\/extraterrestres-hay-vida-fuera-de-la-tierra\/","title":{"rendered":"Extraterrestres. Hi ha vida fora de la Terra?"},"content":{"rendered":"<p>Aquesta exposici\u00f3 explora la fascinaci\u00f3 que ens ha causa la idea de l\u2019exist\u00e8ncia de vida extraterrestre, com ens hem imaginat mons m\u00e9s enll\u00e0 del nostre i projecta alguns futurs possibles a trav\u00e9s de la ci\u00e8ncia i la tecnologia. El recorregut disposa d\u2019elements interactius, maquetes, peces reals i material audiovisual. Entrada gratu\u00efta (per accedir-hi, cal adquirir<a href=\"https:\/\/tickets.cosmocaixa.org\/cosmocaixabarcelona\/ca_ES\/entradas\/evento\/50110?_gl=1*1ed2q5v*_gcl_au*MTg4Njc3ODM4OS4xNzc0MzU0MzMz*_ga*MTA3Njc1MzQ0OS4xNzc0MzU0MzIy*_ga_JYETL5M4V2*czE3NzQzNTQzMjEkbzEkZzEkdDE3NzQzNTQ0MTckajYwJGwwJGgw\"> l\u2019entrada del Museu<\/a>).<\/p>\n<p>&nbsp;<\/p>\n<p><strong>Quan: del 26\/02\/2025 al 30\/08\/2026<\/strong><\/p>\n<p><span style=\"color: #0000ff;\"><strong>Museu de la Ci\u00e8ncia CosmoCaixa<\/strong><\/span><\/p>\n<p><strong>On: C\/ Isaac Newton, 26. Barcelona<\/strong><\/p>\n","protected":false},"excerpt":{"rendered":"<p>Del 26\/02\/2025 al 30\/08\/2026. Aquesta exposici\u00f3 explora la fascinaci\u00f3 que ens ha causa la idea de l\u2019exist\u00e8ncia de vida extraterrestre.<\/p>\n","protected":false},"author":30,"featured_media":140809,"comment_status":"closed","ping_status":"closed","sticky":false,"template":"","format":"standard","meta":{"_et_pb_use_builder":"","_et_pb_old_content":"","_et_gb_content_width":"","inline_featured_image":false,"footnotes":""},"categories":[84],"tags":[],"class_list":["post-140813","post","type-post","status-publish","format-standard","has-post-thumbnail","hentry","category-exposicions"],"publishpress_future_action":{"enabled":true,"date":"2026-09-01 09:00:00","action":"delete","newStatus":"draft","terms":[0],"taxonomy":"category","extraData":[]},"publishpress_future_workflow_manual_trigger":{"enabledWorkflows":[]},"_links":{"self":[{"href":"https:\/\/bcu.cat\/ca\/wp-json\/wp\/v2\/posts\/140813","targetHints":{"allow":["GET"]}}],"collection":[{"href":"https:\/\/bcu.cat\/ca\/wp-json\/wp\/v2\/posts"}],"about":[{"href":"https:\/\/bcu.cat\/ca\/wp-json\/wp\/v2\/types\/post"}],"author":[{"embeddable":true,"href":"https:\/\/bcu.cat\/ca\/wp-json\/wp\/v2\/users\/30"}],"replies":[{"embeddable":true,"href":"https:\/\/bcu.cat\/ca\/wp-json\/wp\/v2\/comments?post=140813"}],"version-history":[{"count":1,"href":"https:\/\/bcu.cat\/ca\/wp-json\/wp\/v2\/posts\/140813\/revisions"}],"predecessor-version":[{"id":140815,"href":"https:\/\/bcu.cat\/ca\/wp-json\/wp\/v2\/posts\/140813\/revisions\/140815"}],"wp:featuredmedia":[{"embeddable":true,"href":"https:\/\/bcu.cat\/ca\/wp-json\/wp\/v2\/media\/140809"}],"wp:attachment":[{"href":"https:\/\/bcu.cat\/ca\/wp-json\/wp\/v2\/media?parent=140813"}],"wp:term":[{"taxonomy":"category","embeddable":true,"href":"https:\/\/bcu.cat\/ca\/wp-json\/wp\/v2\/categories?post=140813"},{"taxonomy":"post_tag","embeddable":true,"href":"https:\/\/bcu.cat\/ca\/wp-json\/wp\/v2\/tags?post=140813"}],"curies":[{"name":"wp","href":"https:\/\/api.w.org\/{rel}","templated":true}]}}