{"id":141037,"date":"2026-03-31T13:38:39","date_gmt":"2026-03-31T11:38:39","guid":{"rendered":"https:\/\/bcu.cat\/darwin-botanico\/"},"modified":"2026-03-31T13:41:16","modified_gmt":"2026-03-31T11:41:16","slug":"darwin-botanico","status":"publish","type":"post","link":"https:\/\/bcu.cat\/ca\/darwin-botanico\/","title":{"rendered":"Darwin Bot\u00e0nic"},"content":{"rendered":"<p>Charles Darwin \u00e9s conegut per la teoria de la selecci\u00f3 natural que sovint s\u2019associa amb el m\u00f3n animal i \u00e9s recordat, principalment, com un zo\u00f2leg. No obstant aix\u00f2, el cient\u00edfic angl\u00e8s va rec\u00f3rrer sovint a l\u2019estudi de les plantes com a eina fonamental per testar la seva teoria de l\u2019evoluci\u00f3. L\u2019exposici\u00f3 convida a entrar en el laboratori de Darwin on les protagonistes s\u00f3n un centenar de plantes vives de les esp\u00e8cies amb les que experimentava, acompanyades\u00a0 d\u2019il\u00b7lustracions, maquetes i dispositius d\u2019olor. Aquestes plantes i flors relaten per ordre cronol\u00f2gic els descobriments que testaven la teoria que trasbalsaria el m\u00f3n i canviaria per sempre la nostra concepci\u00f3 de la natura. Entrada gratu\u00efta.<\/p>\n<p>&nbsp;<\/p>\n<p><strong>Quan: del 03\/03\/2026 al 31\/05\/2026<\/strong><\/p>\n<p><span style=\"color: #0000ff;\"><strong>Hivernacle de la Ciutadella<\/strong><\/span><\/p>\n<p><strong>On: Pg. Picasso, 7. Barcelona<\/strong><\/p>\n","protected":false},"excerpt":{"rendered":"<p>Del 03\/03\/2026 al 31\/05\/2026. El cient\u00edfic angl\u00e8s va rec\u00f3rrer sovint a l\u2019estudi de les plantes com a eina fonamental per testar la seva teoria de l\u2019evoluci\u00f3.<\/p>\n","protected":false},"author":30,"featured_media":141041,"comment_status":"closed","ping_status":"open","sticky":false,"template":"","format":"standard","meta":{"_et_pb_use_builder":"","_et_pb_old_content":"","_et_gb_content_width":"","inline_featured_image":false,"footnotes":""},"categories":[84],"tags":[],"class_list":["post-141037","post","type-post","status-publish","format-standard","has-post-thumbnail","hentry","category-exposicions"],"publishpress_future_action":{"enabled":true,"date":"2026-06-01 09:00:00","action":"delete","newStatus":"draft","terms":[0],"taxonomy":"category","extraData":[]},"publishpress_future_workflow_manual_trigger":{"enabledWorkflows":[]},"_links":{"self":[{"href":"https:\/\/bcu.cat\/ca\/wp-json\/wp\/v2\/posts\/141037","targetHints":{"allow":["GET"]}}],"collection":[{"href":"https:\/\/bcu.cat\/ca\/wp-json\/wp\/v2\/posts"}],"about":[{"href":"https:\/\/bcu.cat\/ca\/wp-json\/wp\/v2\/types\/post"}],"author":[{"embeddable":true,"href":"https:\/\/bcu.cat\/ca\/wp-json\/wp\/v2\/users\/30"}],"replies":[{"embeddable":true,"href":"https:\/\/bcu.cat\/ca\/wp-json\/wp\/v2\/comments?post=141037"}],"version-history":[{"count":1,"href":"https:\/\/bcu.cat\/ca\/wp-json\/wp\/v2\/posts\/141037\/revisions"}],"predecessor-version":[{"id":141039,"href":"https:\/\/bcu.cat\/ca\/wp-json\/wp\/v2\/posts\/141037\/revisions\/141039"}],"wp:featuredmedia":[{"embeddable":true,"href":"https:\/\/bcu.cat\/ca\/wp-json\/wp\/v2\/media\/141041"}],"wp:attachment":[{"href":"https:\/\/bcu.cat\/ca\/wp-json\/wp\/v2\/media?parent=141037"}],"wp:term":[{"taxonomy":"category","embeddable":true,"href":"https:\/\/bcu.cat\/ca\/wp-json\/wp\/v2\/categories?post=141037"},{"taxonomy":"post_tag","embeddable":true,"href":"https:\/\/bcu.cat\/ca\/wp-json\/wp\/v2\/tags?post=141037"}],"curies":[{"name":"wp","href":"https:\/\/api.w.org\/{rel}","templated":true}]}}