{"id":141467,"date":"2026-04-22T12:18:29","date_gmt":"2026-04-22T10:18:29","guid":{"rendered":"https:\/\/bcu.cat\/barcelona-international-jazz-day-2026\/"},"modified":"2026-04-22T12:29:34","modified_gmt":"2026-04-22T10:29:34","slug":"barcelona-international-jazz-day-2026","status":"publish","type":"post","link":"https:\/\/bcu.cat\/ca\/barcelona-international-jazz-day-2026\/","title":{"rendered":"Barcelona International Jazz Day 2026"},"content":{"rendered":"<p>Barcelona celebrar\u00e0 el Dia Internacional del Jazz transformant el tram del Passeig de Gr\u00e0cia (entre Gran Via i Pla\u00e7a de Catalunya) en un gran escenari a l\u2019aire lliure que acollir\u00e0 concerts des de les 12 del migdia. La programaci\u00f3 ser\u00e0:<\/p>\n<p>12:00h \u2013 Sunset Rhythm Kings<\/p>\n<p>13:45h \u2013 Quiet Colors<\/p>\n<p>15:30h \u2013 Glenda del E Q-ban Mixology<\/p>\n<p>17:15h \u2013 Laura Sim\u00f3 &amp; Ignasi Terraza Trio<\/p>\n<p>19:00h \u2013 Momi Maiga<\/p>\n<p>20:45h \u2013 La Vella Dixieland Big Reunion<\/p>\n<p>Acc\u00e9s lliure. Els menors de 16 anys nom\u00e9s podran accedir al recinte acompanyats del seu pare, mare o tutor legal. Imprescindible presentar el\u00a0<a href=\"https:\/\/www.theproject.es\/archivos\/full-responsabilitat-menors.pdf\">Full de responsabilitat<\/a>\u00a0degudament impr\u00e8s i emplenat.<\/p>\n<p>&nbsp;<\/p>\n<p><strong>Quan: 26\/04\/2026\u00a0\u00a0 Hora: de 12:00 a 22:00<\/strong><\/p>\n<p><strong>On: Passeig de Gr\u00e0cia (entre Gran Via i Pla\u00e7a de Catalunya). Barcelona<\/strong><\/p>\n","protected":false},"excerpt":{"rendered":"<p>26\/04\/2026. Barcelona celebrar\u00e0 el Dia Internacional del Jazz transformant el tram del Passeig de Gr\u00e0cia (entre Gran Via i Pla\u00e7a de Catalunya) en un gran escenari a l\u2019aire lliure.<\/p>\n","protected":false},"author":30,"featured_media":141463,"comment_status":"closed","ping_status":"open","sticky":false,"template":"","format":"standard","meta":{"_et_pb_use_builder":"","_et_pb_old_content":"","_et_gb_content_width":"","inline_featured_image":false,"footnotes":""},"categories":[83],"tags":[],"class_list":["post-141467","post","type-post","status-publish","format-standard","has-post-thumbnail","hentry","category-musica"],"publishpress_future_action":{"enabled":true,"date":"2026-04-27 09:00:00","action":"delete","newStatus":"draft","terms":[0],"taxonomy":"category","extraData":[]},"publishpress_future_workflow_manual_trigger":{"enabledWorkflows":[]},"_links":{"self":[{"href":"https:\/\/bcu.cat\/ca\/wp-json\/wp\/v2\/posts\/141467","targetHints":{"allow":["GET"]}}],"collection":[{"href":"https:\/\/bcu.cat\/ca\/wp-json\/wp\/v2\/posts"}],"about":[{"href":"https:\/\/bcu.cat\/ca\/wp-json\/wp\/v2\/types\/post"}],"author":[{"embeddable":true,"href":"https:\/\/bcu.cat\/ca\/wp-json\/wp\/v2\/users\/30"}],"replies":[{"embeddable":true,"href":"https:\/\/bcu.cat\/ca\/wp-json\/wp\/v2\/comments?post=141467"}],"version-history":[{"count":3,"href":"https:\/\/bcu.cat\/ca\/wp-json\/wp\/v2\/posts\/141467\/revisions"}],"predecessor-version":[{"id":141474,"href":"https:\/\/bcu.cat\/ca\/wp-json\/wp\/v2\/posts\/141467\/revisions\/141474"}],"wp:featuredmedia":[{"embeddable":true,"href":"https:\/\/bcu.cat\/ca\/wp-json\/wp\/v2\/media\/141463"}],"wp:attachment":[{"href":"https:\/\/bcu.cat\/ca\/wp-json\/wp\/v2\/media?parent=141467"}],"wp:term":[{"taxonomy":"category","embeddable":true,"href":"https:\/\/bcu.cat\/ca\/wp-json\/wp\/v2\/categories?post=141467"},{"taxonomy":"post_tag","embeddable":true,"href":"https:\/\/bcu.cat\/ca\/wp-json\/wp\/v2\/tags?post=141467"}],"curies":[{"name":"wp","href":"https:\/\/api.w.org\/{rel}","templated":true}]}}