{"id":141514,"date":"2026-04-24T09:26:00","date_gmt":"2026-04-24T07:26:00","guid":{"rendered":"https:\/\/bcu.cat\/?p=141514"},"modified":"2026-04-24T09:27:57","modified_gmt":"2026-04-24T07:27:57","slug":"taller-de-cuina-de-primavera","status":"publish","type":"post","link":"https:\/\/bcu.cat\/ca\/taller-de-cuina-de-primavera\/","title":{"rendered":"Taller de cuina de primavera"},"content":{"rendered":"<p>Vols con\u00e8ixer persones com tu mentre aprens a cuinar uns plats bon\u00edssims? Al BCU hem organitzat un taller de cuina de primavera per apropar-te a la nostra gastronomia i les seves curiositats. Preparar\u00e0s:<\/p>\n<ul>\n<li>Faves a la catalana<\/li>\n<li>Amanida enrotllada<\/li>\n<li>Bunyols de calamar<\/li>\n<li>Patates braves<\/li>\n<li>Arr\u00f2s pilav amb verduretes<\/li>\n<li>Mat\u00f3 amb fruits vermells i mel o arrop<\/li>\n<li>Roques de xocolata<\/li>\n<\/ul>\n<p>Un expert cuiner impartir\u00e0 el taller en catal\u00e0, castell\u00e0 i angl\u00e8s. Quan acabi, degustar\u00e0s els plats preparats amb tot el grup i et podr\u00e0s emportar les receptes.<\/p>\n<p>El preu \u00e9s de 55 \u20ac per\u00f2 tu nom\u00e9s en pagar\u00e0s 9. Inclou els ingredients, estris per cuinar, begudes i davantal. Els plats es poden adaptar en cas d\u2019al\u00b7l\u00e8rgies o intoler\u00e0ncies. Places limitades. Inscripcions <a href=\"https:\/\/forms.gle\/4fYc61ujnH7aaD228\">AQU\u00cd<\/a>.<\/p>\n<p>Les inscripcions es tancaran el dia 05\/05\/2026.<\/p>\n<p>&nbsp;<\/p>\n<p><strong>Quan: 15\/05\/2026\u00a0\u00a0 Hora: de 18:00 a 21:00<\/strong><\/p>\n<p><span style=\"color: #0000ff;\"><strong>Enjoy Cooking<\/strong><\/span><\/p>\n<p><strong>On: C\/ Ferrer de Blanes, 7. Barcelona<\/strong><\/p>\n","protected":false},"excerpt":{"rendered":"<p>15\/05\/2026. Un expert cuiner impartir\u00e0 el taller en catal\u00e0, castell\u00e0 i angl\u00e8s.<\/p>\n","protected":false},"author":30,"featured_media":141524,"comment_status":"closed","ping_status":"open","sticky":false,"template":"","format":"standard","meta":{"_et_pb_use_builder":"","_et_pb_old_content":"","_et_gb_content_width":"","inline_featured_image":false,"footnotes":""},"categories":[86],"tags":[],"class_list":["post-141514","post","type-post","status-publish","format-standard","has-post-thumbnail","hentry","category-noticies"],"publishpress_future_action":{"enabled":true,"date":"2026-05-16 09:00:00","action":"delete","newStatus":"draft","terms":[0],"taxonomy":"category","extraData":[]},"publishpress_future_workflow_manual_trigger":{"enabledWorkflows":[]},"_links":{"self":[{"href":"https:\/\/bcu.cat\/ca\/wp-json\/wp\/v2\/posts\/141514","targetHints":{"allow":["GET"]}}],"collection":[{"href":"https:\/\/bcu.cat\/ca\/wp-json\/wp\/v2\/posts"}],"about":[{"href":"https:\/\/bcu.cat\/ca\/wp-json\/wp\/v2\/types\/post"}],"author":[{"embeddable":true,"href":"https:\/\/bcu.cat\/ca\/wp-json\/wp\/v2\/users\/30"}],"replies":[{"embeddable":true,"href":"https:\/\/bcu.cat\/ca\/wp-json\/wp\/v2\/comments?post=141514"}],"version-history":[{"count":1,"href":"https:\/\/bcu.cat\/ca\/wp-json\/wp\/v2\/posts\/141514\/revisions"}],"predecessor-version":[{"id":141516,"href":"https:\/\/bcu.cat\/ca\/wp-json\/wp\/v2\/posts\/141514\/revisions\/141516"}],"wp:featuredmedia":[{"embeddable":true,"href":"https:\/\/bcu.cat\/ca\/wp-json\/wp\/v2\/media\/141524"}],"wp:attachment":[{"href":"https:\/\/bcu.cat\/ca\/wp-json\/wp\/v2\/media?parent=141514"}],"wp:term":[{"taxonomy":"category","embeddable":true,"href":"https:\/\/bcu.cat\/ca\/wp-json\/wp\/v2\/categories?post=141514"},{"taxonomy":"post_tag","embeddable":true,"href":"https:\/\/bcu.cat\/ca\/wp-json\/wp\/v2\/tags?post=141514"}],"curies":[{"name":"wp","href":"https:\/\/api.w.org\/{rel}","templated":true}]}}