{"id":141449,"date":"2026-04-20T11:54:55","date_gmt":"2026-04-20T09:54:55","guid":{"rendered":"https:\/\/bcu.cat\/mapa-sonoro-descubre-el-paisaje-sonoro-de-la-ciudad\/"},"modified":"2026-04-20T11:54:55","modified_gmt":"2026-04-20T09:54:55","slug":"mapa-sonoro-descubre-el-paisaje-sonoro-de-la-ciudad","status":"publish","type":"post","link":"https:\/\/bcu.cat\/fr\/mapa-sonoro-descubre-el-paisaje-sonoro-de-la-ciudad\/","title":{"rendered":"Mapa sonor: Descobreix el paisatge sonor de la ciutat"},"content":{"rendered":"<p>A qu\u00e8 sona la ciutat?\u00a0Et convidem a descobrir-ho en aquesta experi\u00e8ncia d\u2019exploraci\u00f3 sonora pel barri de la Sagrada Fam\u00edlia.\u00a0A trav\u00e9s d\u2019un recorregut comentat, aprendr\u00e0s a escoltar l\u2019entorn urb\u00e0 d\u2019una manera diferent i a identificar, enregistrar i analitzar els sons que defineixen la vida quotidiana del barri. Sessi\u00f3 organitzada amb la col\u00b7laboraci\u00f3 del\u00a0Barcelona Centre Universitari\u00a0i el\u00a0Departament de Ci\u00e8ncia i Innovaci\u00f3 de l\u2019Ajuntament de Barcelona, amb el suport de la\u00a0Biblioteca Sagrada Fam\u00edlia &#8211; Josep M. Ainaud de Lasarte. Activitat gratu\u00efta i presencial, amb inscripci\u00f3 pr\u00e8via i assist\u00e8ncia limitada. Es formaran dos grups segons els idiomes (catal\u00e0\/castell\u00e0 i angl\u00e8s). M\u00e9s informaci\u00f3 i inscripcions, <a href=\"https:\/\/www.barcelona.cat\/internationalwelcome\/ca\/activitats\/mapa-sonor-descobreix-el-paisatge-sonor-de-la-ciutat\">aqu\u00ed<\/a>.<\/p>\n<p>&nbsp;<\/p>\n<p><strong>Quan: 26\/05\/2026\u00a0\u00a0 Hora: 18:00<\/strong><\/p>\n<p><span style=\"color: #0000ff;\"><strong>Biblioteca Sagrada Fam\u00edlia \u2013 Josep- M. Ainaud de Lasarte<\/strong><\/span><\/p>\n<p><strong>On: C\/ Proven\u00e7a, 480. Barcelona<\/strong><\/p>\n","protected":false},"excerpt":{"rendered":"<p>26\/05\/2026. A trav\u00e9s d\u2019un recorregut comentat, aprendr\u00e0s a escoltar l\u2019entorn urb\u00e0 d\u2019una manera diferent i a identificar, enregistrar i analitzar els sons que defineixen la vida quotidiana del barri.<\/p>\n","protected":false},"author":30,"featured_media":141459,"comment_status":"closed","ping_status":"open","sticky":false,"template":"","format":"standard","meta":{"_et_pb_use_builder":"","_et_pb_old_content":"","_et_gb_content_width":"","inline_featured_image":false,"footnotes":""},"categories":[102],"tags":[],"class_list":["post-141449","post","type-post","status-publish","format-standard","has-post-thumbnail","hentry","category-noticias-fr"],"publishpress_future_action":{"enabled":true,"date":"2026-04-27 09:56:49","action":"change-status","newStatus":"draft","terms":[],"taxonomy":"category","extraData":[]},"publishpress_future_workflow_manual_trigger":{"enabledWorkflows":[]},"_links":{"self":[{"href":"https:\/\/bcu.cat\/fr\/wp-json\/wp\/v2\/posts\/141449","targetHints":{"allow":["GET"]}}],"collection":[{"href":"https:\/\/bcu.cat\/fr\/wp-json\/wp\/v2\/posts"}],"about":[{"href":"https:\/\/bcu.cat\/fr\/wp-json\/wp\/v2\/types\/post"}],"author":[{"embeddable":true,"href":"https:\/\/bcu.cat\/fr\/wp-json\/wp\/v2\/users\/30"}],"replies":[{"embeddable":true,"href":"https:\/\/bcu.cat\/fr\/wp-json\/wp\/v2\/comments?post=141449"}],"version-history":[{"count":0,"href":"https:\/\/bcu.cat\/fr\/wp-json\/wp\/v2\/posts\/141449\/revisions"}],"wp:featuredmedia":[{"embeddable":true,"href":"https:\/\/bcu.cat\/fr\/wp-json\/wp\/v2\/media\/141459"}],"wp:attachment":[{"href":"https:\/\/bcu.cat\/fr\/wp-json\/wp\/v2\/media?parent=141449"}],"wp:term":[{"taxonomy":"category","embeddable":true,"href":"https:\/\/bcu.cat\/fr\/wp-json\/wp\/v2\/categories?post=141449"},{"taxonomy":"post_tag","embeddable":true,"href":"https:\/\/bcu.cat\/fr\/wp-json\/wp\/v2\/tags?post=141449"}],"curies":[{"name":"wp","href":"https:\/\/api.w.org\/{rel}","templated":true}]}}